{"id":2971,"date":"2025-11-30T10:21:33","date_gmt":"2025-11-30T10:21:33","guid":{"rendered":"https:\/\/marymarchantepsicologa.com\/?p=2971"},"modified":"2026-01-22T10:51:37","modified_gmt":"2026-01-22T10:51:37","slug":"mi-trabajo-me-da-ansiedad-que-puedo-hacer-cuando-el-problema-es-el-trato-que-recibo","status":"publish","type":"post","link":"https:\/\/marymarchantepsicologa.com\/en\/2025\/11\/30\/mi-trabajo-me-da-ansiedad-que-puedo-hacer-cuando-el-problema-es-el-trato-que-recibo\/","title":{"rendered":"Mi trabajo me da ansiedad: \u00bfqu\u00e9 puedo hacer cuando el problema es el trato que recibo?"},"content":{"rendered":"<p data-start=\"727\" data-end=\"1193\">Experimentar ansiedad laboral no siempre est\u00e1 relacionado con la carga de trabajo o el tipo de tareas que se realizan.<\/p>\n<p>En muchos casos, la ansiedad aparece cuando <strong data-start=\"876\" data-end=\"918\">el entorno de trabajo se vuelve hostil<\/strong>, cuando empiezan a tratarte mal sin raz\u00f3n aparente o cuando se producen cambios injustificados en tus condiciones laborales. Esto es algo que vemos con mucha frecuencia en nuestra consulta de psicolog\u00eda en <strong data-start=\"1104\" data-end=\"1124\">Carabanchel<\/strong>, y puede convertirse en un problema serio si no se atiende a tiempo.<\/p>\n<p data-start=\"1195\" data-end=\"1685\">Puede que durante meses \u2014o a\u00f1os\u2014 tu experiencia laboral haya sido tranquila. Cumpl\u00edas tu trabajo, te llevabas bien con tus compa\u00f1eros y no hab\u00eda se\u00f1ales de conflicto.<br data-start=\"1361\" data-end=\"1364\" \/>Sin embargo, de repente algo cambia: te excluyen de conversaciones importantes, te modifican tareas sin avisar, te hablan mal cuando est\u00e1n estresados, o notas actitudes sutiles que te hacen sentir aislado (no avisarte de ciertas reuniones, irse a desayunar sin ti, tener detalles con otros compa\u00f1eros y contigo no, etc.).<\/p>\n<p data-start=\"1687\" data-end=\"1831\">Si est\u00e1s viviendo algo as\u00ed, es normal que tu cuerpo reaccione con ansiedad. No te est\u00e1s volviendo loca: <strong data-start=\"1786\" data-end=\"1830\">est\u00e1s en alerta porque tu cuerpo lo interpreta como un entorno inseguro<\/strong>.<\/p>\n<h2 data-start=\"1838\" data-end=\"1910\"><strong data-start=\"1840\" data-end=\"1910\">\u00bfPor qu\u00e9 aparece la ansiedad laboral cuando el trato se deteriora?<\/strong><\/h2>\n<p data-start=\"1912\" data-end=\"2063\">Las psic\u00f3logas expertas en ansiedad sabemos que este s\u00edntoma surge cuando percibimos una amenaza. Y en el trabajo, la amenaza no es solo quedarte sin trabajo, sino tambi\u00e9n:<\/p>\n<h3 data-start=\"2065\" data-end=\"2127\"><strong data-start=\"2069\" data-end=\"2127\">\u2714 Cambios en las condiciones de trabajo<\/strong><\/h3>\n<p data-start=\"2128\" data-end=\"2274\">Te cargan de tareas nuevas sin consultarte, te cambian horarios o responsabilidades, o dejan de contar contigo para cosas que antes s\u00ed las gestionabas t\u00fa.<\/p>\n<h3 data-start=\"2276\" data-end=\"2321\"><strong data-start=\"2280\" data-end=\"2321\">\u2714 Falta de respeto o trato despectivo<\/strong><\/h3>\n<p data-start=\"2322\" data-end=\"2439\">Un jefe que te falta al respeto cuando est\u00e1 estresado, exigencias inalcanzables o comentarios que buscan intimidarte.<\/p>\n<h3 data-start=\"2441\" data-end=\"2467\"><strong data-start=\"2445\" data-end=\"2467\">\u2714 Exclusi\u00f3n social<\/strong><\/h3>\n<p data-start=\"2468\" data-end=\"2651\">Peque\u00f1os gestos repetidos \u2014no avisarte de reuniones importantes, no incluirte en actividades informales, ignorarte en conversaciones, crear grupos de Whatsapp sin ti\u2014 se sienten tan amenazantes y dolorosos como una pelea f\u00edsica.<\/p>\n<h3 data-start=\"2653\" data-end=\"2686\"><strong data-start=\"2657\" data-end=\"2686\">\u2714 Inseguridad psicol\u00f3gica<\/strong><\/h3>\n<p data-start=\"2687\" data-end=\"2788\">Nunca sabes qu\u00e9 esperan de ti, si lo que haces ser\u00e1 criticado, o si habr\u00e1 un nuevo cambio inesperado.<\/p>\n<p data-start=\"2790\" data-end=\"2879\">Cuando el cerebro detecta estas se\u00f1ales, activa el modo de alerta\u2026 y aparece la ansiedad.<\/p>\n<h2 data-start=\"2886\" data-end=\"2946\"><strong data-start=\"2888\" data-end=\"2946\">S\u00edntomas habituales cuando el trabajo se vuelve hostil<\/strong><\/h2>\n<ul data-start=\"2948\" data-end=\"3290\">\n<li data-start=\"2948\" data-end=\"3004\">\n<p data-start=\"2950\" data-end=\"3004\">Nervios al llegar al trabajo o al abrir el ordenador<\/p>\n<\/li>\n<li data-start=\"3005\" data-end=\"3042\">\n<p data-start=\"3007\" data-end=\"3042\">Insomnio o despertarte frecuentemente durante la noche.<\/p>\n<\/li>\n<li data-start=\"3043\" data-end=\"3119\">\n<p data-start=\"3045\" data-end=\"3119\">Pensamientos intrusivos sobre el trabajo incluso durante el tiempo libre<\/p>\n<\/li>\n<li data-start=\"3120\" data-end=\"3172\">\n<p data-start=\"3122\" data-end=\"3172\">Bloqueos mentales o dificultad para concentrarte<\/p>\n<\/li>\n<li data-start=\"3173\" data-end=\"3208\">\n<p data-start=\"3175\" data-end=\"3208\">Irritabilidad o ganas de llorar<\/p>\n<\/li>\n<li data-start=\"3209\" data-end=\"3262\">\n<p data-start=\"3211\" data-end=\"3262\">Sensaci\u00f3n constante de injusticia o desprotecci\u00f3n<\/p>\n<\/li>\n<li data-start=\"3263\" data-end=\"3290\">\n<p data-start=\"3265\" data-end=\"3290\">Ansiedad en el lugar de trabajo.<\/p>\n<\/li>\n<\/ul>\n<p data-start=\"3292\" data-end=\"3368\">Estos s\u00edntomas son una se\u00f1al clara de que tu bienestar est\u00e1 siendo afectado y es hora de que revises bien si tu trabajo est\u00e1 alineado con tus valores y te est\u00e1 compensando.<\/p>\n<h2 data-start=\"3375\" data-end=\"3467\"><strong data-start=\"3377\" data-end=\"3465\">\u00bfQu\u00e9 puedo hacer si el trato en mi trabajo ha cambiado y me est\u00e1 generando ansiedad?<\/strong><\/h2>\n<h3 data-start=\"3509\" data-end=\"3560\"><strong data-start=\"3512\" data-end=\"3560\">1. Valida lo que te ocurre: no est\u00e1 en tu imaginaci\u00f3n<\/strong><\/h3>\n<p data-start=\"3561\" data-end=\"3720\">La ansiedad no aparece \u201cporque s\u00ed\u201d. Si tu cuerpo est\u00e1 reaccionando \u2014si notas tensi\u00f3n, insomnio, preocupaci\u00f3n constante, presi\u00f3n en el pecho o un nudo en el est\u00f3mago antes de trabajar\u2014 es porque est\u00e1 detectando se\u00f1ales de amenaza en tu entorno. Y esas se\u00f1ales, en tu caso, vienen del trato que est\u00e1s recibiendo.<\/p>\n<p data-start=\"89\" data-end=\"521\">T\u00fa sabes c\u00f3mo eres y c\u00f3mo te sueles sentir en tu d\u00eda a d\u00eda. Conoces tu manera de trabajar y c\u00f3mo han sido las cosas hasta hace poco. Esa br\u00fajula interna no falla: si algo se ha descolocado, lo notas.<br data-start=\"288\" data-end=\"291\" \/>Y si hablas con tu familia o con tus amigos, seguramente te dir\u00e1n lo mismo: <strong><em data-start=\"367\" data-end=\"391\">\u201cAntes no estabas as\u00ed\u201d<\/em><\/strong>. Porque estas sensaciones no estaban hace unos meses o hace unos a\u00f1os. Han aparecido ahora, por algo que lo ha desencadenado.<\/p>\n<p data-start=\"523\" data-end=\"686\" data-is-last-node=\"\" data-is-only-node=\"\">Conf\u00eda en esa intuici\u00f3n que te dice que algo no va bien.<br data-start=\"579\" data-end=\"582\" \/>No est\u00e1s equivocada. No est\u00e1s dramatizando. Lo que est\u00e1 ocurriendo es real y te est\u00e1 haciendo da\u00f1o.<\/p>\n<p data-start=\"523\" data-end=\"686\" data-is-last-node=\"\" data-is-only-node=\"\">Reconocer la realidad \u2014que algo ha cambiado y te est\u00e1 afectando\u2014 es el primer paso para recuperar tu equilibrio, poner l\u00edmites y tomar decisiones que s\u00ed vayan a favor de tu bienestar. Validarte no solo te alivia: tambi\u00e9n te devuelve poder.<\/p>\n<p data-start=\"3722\" data-end=\"3752\"><strong data-start=\"3725\" data-end=\"3752\">2. Registra lo que pasa<\/strong><\/p>\n<p data-start=\"3753\" data-end=\"3810\">Llevar un peque\u00f1o diario para registrar los hechos que te causan malestar:<\/p>\n<ul data-start=\"3812\" data-end=\"3978\">\n<li data-start=\"3812\" data-end=\"3875\">\n<p data-start=\"3814\" data-end=\"3875\">Exclusiones (por ejemplo, no avisarte de ciertas reuniones o cenas informales)<\/p>\n<\/li>\n<li data-start=\"3876\" data-end=\"3906\">\n<p data-start=\"3878\" data-end=\"3906\">Cambios en las condiciones (horarios nuevos, cambios en el teletrabajo, etc.)<\/p>\n<\/li>\n<li data-start=\"3907\" data-end=\"3942\">\n<p data-start=\"3909\" data-end=\"3942\">Comentarios o faltas de respeto<\/p>\n<\/li>\n<li data-start=\"3943\" data-end=\"3978\">\n<p data-start=\"3945\" data-end=\"3978\">Sensaciones f\u00edsicas y emocionales (\u00bfqu\u00e9 emoci\u00f3n ha predominado la jornada laboral de hoy?, \u00bfen qu\u00e9 parte del cuerpo la sientes?, \u00bfes una sensaci\u00f3n agradable o desagradable?). Esto te ayudar\u00e1 a ver de forma objetiva cu\u00e1nto malestar est\u00e1 generando el trabajo en tu d\u00eda a d\u00eda y tomar decisiones (ir al m\u00e9dico y comentarle tu situaci\u00f3n, dejar tu puesto de trabajo, pedir una excedencia o incluso denunciar la situaci\u00f3n).<\/p>\n<\/li>\n<\/ul>\n<p data-start=\"3980\" data-end=\"4081\">Este registro tambi\u00e9n es \u00fatil si m\u00e1s adelante necesitas expresar lo que ocurre o buscar ayuda psicol\u00f3gica.<\/p>\n<h3 data-start=\"4240\" data-end=\"4274\"><strong data-start=\"4243\" data-end=\"4274\">3. Refuerza tu red de apoyo<\/strong><\/h3>\n<p data-start=\"4275\" data-end=\"4389\">Compartir lo que te est\u00e1 pasando con personas de confianza te ayudar\u00e1 a sentirte mejor. Habla con tus amigos, tu familia o aquellas personas con las que te sientes segura. A veces, solo poner en palabras lo que est\u00e1s viviendo ya alivia, y escuchar sus impresiones te ayuda a ver la situaci\u00f3n con m\u00e1s claridad.<\/p>\n<p>Ellos te conocen, saben c\u00f3mo eras antes y pueden recordarte que esto que est\u00e1s sintiendo no es normal en ti. Apoyarte en tu gente no solo te sostiene emocionalmente, sino que tambi\u00e9n te ayuda a no sentir que est\u00e1s viviendo esto sola.<\/p>\n<h3 data-start=\"4391\" data-end=\"4438\"><strong data-start=\"4394\" data-end=\"4438\">4. Cu\u00eddate fuera del trabajo<\/strong><\/h3>\n<p data-start=\"4439\" data-end=\"4529\">Cuando el entorno laboral se vuelve t\u00f3xico, tu sistema nervioso necesita espacios seguros y momentos de calma:<\/p>\n<ul data-start=\"4531\" data-end=\"4672\">\n<li data-start=\"4531\" data-end=\"4559\">\n<p data-start=\"4533\" data-end=\"4559\">Intenta hacer alguna actividad f\u00edsica (pilates, pesas, zumba, crossfit, etc.)<\/p>\n<\/li>\n<li data-start=\"4560\" data-end=\"4583\">\n<p data-start=\"4562\" data-end=\"4583\">Mant\u00e9n una rutina de sue\u00f1o diaria.<\/p>\n<\/li>\n<li data-start=\"4584\" data-end=\"4629\">\n<p data-start=\"4586\" data-end=\"4629\">Actividades placenteras en tus ratos libres (senderismo, curso de cocina, pintar, cer\u00e1mica, hacer puzzles, etc)<\/p>\n<\/li>\n<li data-start=\"4630\" data-end=\"4672\">\n<p data-start=\"4632\" data-end=\"4672\">Relaci\u00f3nate con personas que te hagan sentir segura<\/p>\n<\/li>\n<\/ul>\n<p data-start=\"4674\" data-end=\"4772\">No todo puede controlarse dentro del trabajo, pero s\u00ed puedes elegir lo que ocurre fuera de \u00e9l.<\/p>\n<h3 data-start=\"4774\" data-end=\"4819\"><strong data-start=\"4777\" data-end=\"4819\">6. Eval\u00faa si es un entorno recuperable<\/strong><\/h3>\n<p data-start=\"4820\" data-end=\"4940\">A veces el problema tiene soluci\u00f3n con di\u00e1logo y l\u00edmites.<br data-start=\"4877\" data-end=\"4880\" \/>En otros casos, lamentablemente, la situaci\u00f3n no va a mejorar.<\/p>\n<p data-start=\"4942\" data-end=\"5013\">Hablarlo en terapia con psic\u00f3logas expertas en psicolog\u00eda laboral puede ayudarte a ver con m\u00e1s claridad tus opciones.<\/p>\n<h3 data-start=\"5015\" data-end=\"5048\"><strong data-start=\"5018\" data-end=\"5048\">7. Busca apoyo profesional<\/strong><\/h3>\n<p data-start=\"5049\" data-end=\"5150\">Trabajar con un <strong data-start=\"5065\" data-end=\"5098\">psic\u00f3logo en Carabanchel<\/strong>\u00a0especializado en ansiedad laboral puede ayudarte a:<\/p>\n<ul data-start=\"5152\" data-end=\"5423\">\n<li data-start=\"5152\" data-end=\"5199\">\n<p data-start=\"5154\" data-end=\"5199\">Regular los s\u00edntomas de la ansiedad<\/p>\n<\/li>\n<li data-start=\"5200\" data-end=\"5229\">\n<p data-start=\"5202\" data-end=\"5229\">Reconstruir tu autoestima<\/p>\n<\/li>\n<li data-start=\"5230\" data-end=\"5268\">\n<p data-start=\"5232\" data-end=\"5268\">Aprender a poner l\u00edmites<\/p>\n<\/li>\n<li data-start=\"5269\" data-end=\"5304\">\n<p data-start=\"5271\" data-end=\"5304\">Analizar la situaci\u00f3n de forma objetiva<\/p>\n<\/li>\n<li data-start=\"5305\" data-end=\"5348\">\n<p data-start=\"5307\" data-end=\"5348\">Tomar decisiones realistas y saludables para ti<\/p>\n<\/li>\n<li data-start=\"5349\" data-end=\"5423\">\n<p data-start=\"5351\" data-end=\"5423\">Proteger tu salud mental incluso si el entorno sigue sin ser \u00f3ptimo.<\/p>\n<\/li>\n<\/ul>\n<p data-start=\"5425\" data-end=\"5555\">En muchos casos, la terapia se convierte en un espacio seguro donde entender lo que te est\u00e1 pasando, recuperar tu serenidad y tu bienestar emocional.<\/p>\n<h2 data-start=\"5562\" data-end=\"5602\"><strong data-start=\"5564\" data-end=\"5602\">\u00bfEs momento de cambiar de trabajo?<\/strong><\/h2>\n<p data-start=\"5604\" data-end=\"5794\">No siempre es necesario renunciar inmediatamente. Recuerda que puedes hablar con tu m\u00e9dico y pedirle un espacio para poder pensar, pedir ayuda psicol\u00f3gica y tomar una decisi\u00f3n.<\/p>\n<p data-start=\"5604\" data-end=\"5794\"><br data-start=\"5653\" data-end=\"5656\" \/>Pero si el entorno es t\u00f3xico, no hay voluntad de cambio y tu salud mental se deteriora mucho, es importante poner en valor tu bienestar.<\/p>\n<p data-start=\"5796\" data-end=\"5853\">Salir de un entorno da\u00f1ino no es rendirse: es protegerte.<\/p>\n<h2 data-start=\"5860\" data-end=\"5936\"><strong data-start=\"5862\" data-end=\"5936\">Si tienes ansiedad laboral y vives en Carabanchel, podemos ayudarte:<\/strong><\/h2>\n<p data-start=\"5938\" data-end=\"6161\">Si est\u00e1s sufriendo ansiedad por el trato que recibes en tu trabajo, no tienes que enfrentarlo sola.<br \/>\n<br data-start=\"6037\" data-end=\"6040\" \/>En mi <strong data-start=\"6046\" data-end=\"6092\">consulta de psicolog\u00eda en Carabanchel<\/strong> trabajamos con personas que viven situaciones similares, ayud\u00e1ndolas a:<\/p>\n<ul data-start=\"6163\" data-end=\"6325\">\n<li data-start=\"6163\" data-end=\"6199\">\n<p data-start=\"6165\" data-end=\"6199\">Entender qu\u00e9 les est\u00e1 ocurriendo<\/p>\n<\/li>\n<li data-start=\"6200\" data-end=\"6223\">\n<p data-start=\"6202\" data-end=\"6223\">Regular la ansiedad<\/p>\n<\/li>\n<li data-start=\"6224\" data-end=\"6251\">\n<p data-start=\"6226\" data-end=\"6251\">Poner l\u00edmites en su trabajo<\/p>\n<\/li>\n<li data-start=\"6252\" data-end=\"6279\">\n<p data-start=\"6254\" data-end=\"6279\">Recuperar la autoestima que \u00e9ste le ha quitado<\/p>\n<\/li>\n<li data-start=\"6280\" data-end=\"6325\">\n<p data-start=\"6282\" data-end=\"6325\">Tomar decisiones conscientes y saludables poni\u00e9ndote a ti en el centro<\/p>\n<\/li>\n<\/ul>\n<p data-start=\"6327\" data-end=\"6419\">La ansiedad laboral no te convierte en una persona d\u00e9bil: te avisa de que es urgente hacer cambios en tu vida.<\/p>\n<p data-start=\"330\" data-end=\"650\">En <a href=\"https:\/\/marymarchantepsicologa.com\/en\/\"><b>Mary Marchante Psic\u00f3loga,<\/b><\/a> somos psic\u00f3logas especializadas en acompa\u00f1ar a personas que est\u00e1n viviendo <strong data-start=\"295\" data-end=\"315\">ansiedad laboral<\/strong>, desgaste emocional por el trato recibido en su trabajo o situaciones en las que el entorno laboral ha dejado de ser seguro.<br \/>\n<br data-start=\"440\" data-end=\"443\" \/>Si buscas una <strong data-start=\"457\" data-end=\"490\">psic\u00f3loga en Carabanchel<\/strong> que te ayude a entender qu\u00e9 te est\u00e1 pasando, recuperar tu normalidad, fortalecer tu autoestima y tomar decisiones desde el autocuidado, aqu\u00ed encontrar\u00e1s un espacio seguro para ti.<\/p>\n<p data-start=\"666\" data-end=\"928\" data-is-last-node=\"\" data-is-only-node=\"\">Trabajamos contigo para que puedas <strong data-start=\"701\" data-end=\"734\">entender lo que est\u00e1s viviendo<\/strong>, regular la ansiedad, poner l\u00edmites con confianza y volver a sentirte bien contigo misma, tanto dentro como fuera del trabajo.<\/p>\n<p data-start=\"666\" data-end=\"928\" data-is-last-node=\"\" data-is-only-node=\"\"><br data-start=\"861\" data-end=\"864\" \/>No tienes por qu\u00e9 atravesar esto sola. Aqu\u00ed podemos acompa\u00f1arte.<\/p>\n<p style=\"text-align: center;\"><a class=\"btn-chopin-blog\" href=\"https:\/\/marymarchantepsicologa.com\/en\/contacto\/\">Haz clic aqu\u00ed para pedirnos una primera cita<br \/>\n<\/a><\/p>","protected":false},"excerpt":{"rendered":"<p>Experimentar ansiedad laboral no siempre est\u00e1 relacionado con la carga de trabajo o el tipo de tareas que se realizan. En muchos casos, la ansiedad aparece cuando el entorno de trabajo se vuelve hostil, cuando empiezan a tratarte mal sin raz\u00f3n aparente o cuando se producen cambios injustificados en tus condiciones laborales. Esto es algo [&hellip;]<\/p>\n","protected":false},"author":1,"featured_media":0,"comment_status":"open","ping_status":"open","sticky":false,"template":"","format":"standard","meta":{"footnotes":""},"categories":[1],"tags":[],"class_list":["post-2971","post","type-post","status-publish","format-standard","hentry","category-ansiedad"],"yoast_head":"<!-- This site is optimized with the Yoast SEO plugin v27.5 - https:\/\/yoast.com\/product\/yoast-seo-wordpress\/ -->\n<title>Mi trabajo me da ansiedad: \u00bfqu\u00e9 puedo hacer cuando el problema es el trato que recibo? - Mary Marchante<\/title>\n<meta name=\"description\" content=\"Descubre c\u00f3mo sobrepensar (overthinking) afecta a tu salud mental y aprende d\u00f3nde poner tu energ\u00eda. Recupera tu tranquilidad.\" \/>\n<meta name=\"robots\" content=\"index, follow, max-snippet:-1, max-image-preview:large, max-video-preview:-1\" \/>\n<link rel=\"canonical\" href=\"https:\/\/marymarchantepsicologa.com\/en\/2025\/11\/30\/mi-trabajo-me-da-ansiedad-que-puedo-hacer-cuando-el-problema-es-el-trato-que-recibo\/\" \/>\n<meta property=\"og:locale\" content=\"en_US\" \/>\n<meta property=\"og:type\" content=\"article\" \/>\n<meta property=\"og:title\" content=\"Mi trabajo me da ansiedad: \u00bfqu\u00e9 puedo hacer cuando el problema es el trato que recibo? - Mary Marchante\" \/>\n<meta property=\"og:description\" content=\"Descubre c\u00f3mo sobrepensar (overthinking) afecta a tu salud mental y aprende d\u00f3nde poner tu energ\u00eda. Recupera tu tranquilidad.\" \/>\n<meta property=\"og:url\" content=\"https:\/\/marymarchantepsicologa.com\/en\/2025\/11\/30\/mi-trabajo-me-da-ansiedad-que-puedo-hacer-cuando-el-problema-es-el-trato-que-recibo\/\" \/>\n<meta property=\"og:site_name\" content=\"Mary Marchante\" \/>\n<meta property=\"article:publisher\" content=\"https:\/\/www.instagram.com\/marymarchantepsicologa\/\" \/>\n<meta property=\"article:published_time\" content=\"2025-11-30T10:21:33+00:00\" \/>\n<meta property=\"article:modified_time\" content=\"2026-01-22T10:51:37+00:00\" \/>\n<meta name=\"author\" content=\"Mary Marchante Psic\u00f3loga\" \/>\n<meta name=\"twitter:card\" content=\"summary_large_image\" \/>\n<meta name=\"twitter:label1\" content=\"Written by\" \/>\n\t<meta name=\"twitter:data1\" content=\"Mary Marchante Psic\u00f3loga\" \/>\n\t<meta name=\"twitter:label2\" content=\"Est. reading time\" \/>\n\t<meta name=\"twitter:data2\" content=\"7 minutes\" \/>\n<script type=\"application\/ld+json\" class=\"yoast-schema-graph\">{\"@context\":\"https:\\\/\\\/schema.org\",\"@graph\":[{\"@type\":\"Article\",\"@id\":\"https:\\\/\\\/marymarchantepsicologa.com\\\/2025\\\/11\\\/30\\\/mi-trabajo-me-da-ansiedad-que-puedo-hacer-cuando-el-problema-es-el-trato-que-recibo\\\/#article\",\"isPartOf\":{\"@id\":\"https:\\\/\\\/marymarchantepsicologa.com\\\/2025\\\/11\\\/30\\\/mi-trabajo-me-da-ansiedad-que-puedo-hacer-cuando-el-problema-es-el-trato-que-recibo\\\/\"},\"author\":{\"name\":\"Mary Marchante Psic\u00f3loga\",\"@id\":\"https:\\\/\\\/marymarchantepsicologa.com\\\/#\\\/schema\\\/person\\\/4991dfaf9e189b5f17da74d2424bc59e\"},\"headline\":\"Mi trabajo me da ansiedad: \u00bfqu\u00e9 puedo hacer cuando el problema es el trato que recibo?\",\"datePublished\":\"2025-11-30T10:21:33+00:00\",\"dateModified\":\"2026-01-22T10:51:37+00:00\",\"mainEntityOfPage\":{\"@id\":\"https:\\\/\\\/marymarchantepsicologa.com\\\/2025\\\/11\\\/30\\\/mi-trabajo-me-da-ansiedad-que-puedo-hacer-cuando-el-problema-es-el-trato-que-recibo\\\/\"},\"wordCount\":1505,\"commentCount\":0,\"publisher\":{\"@id\":\"https:\\\/\\\/marymarchantepsicologa.com\\\/#organization\"},\"articleSection\":[\"Ansiedad\"],\"inLanguage\":\"en-US\",\"potentialAction\":[{\"@type\":\"CommentAction\",\"name\":\"Comment\",\"target\":[\"https:\\\/\\\/marymarchantepsicologa.com\\\/2025\\\/11\\\/30\\\/mi-trabajo-me-da-ansiedad-que-puedo-hacer-cuando-el-problema-es-el-trato-que-recibo\\\/#respond\"]}]},{\"@type\":\"WebPage\",\"@id\":\"https:\\\/\\\/marymarchantepsicologa.com\\\/2025\\\/11\\\/30\\\/mi-trabajo-me-da-ansiedad-que-puedo-hacer-cuando-el-problema-es-el-trato-que-recibo\\\/\",\"url\":\"https:\\\/\\\/marymarchantepsicologa.com\\\/2025\\\/11\\\/30\\\/mi-trabajo-me-da-ansiedad-que-puedo-hacer-cuando-el-problema-es-el-trato-que-recibo\\\/\",\"name\":\"Mi trabajo me da ansiedad: \u00bfqu\u00e9 puedo hacer cuando el problema es el trato que recibo? - Mary Marchante\",\"isPartOf\":{\"@id\":\"https:\\\/\\\/marymarchantepsicologa.com\\\/#website\"},\"datePublished\":\"2025-11-30T10:21:33+00:00\",\"dateModified\":\"2026-01-22T10:51:37+00:00\",\"description\":\"Descubre c\u00f3mo sobrepensar (overthinking) afecta a tu salud mental y aprende d\u00f3nde poner tu energ\u00eda. Recupera tu tranquilidad.\",\"breadcrumb\":{\"@id\":\"https:\\\/\\\/marymarchantepsicologa.com\\\/2025\\\/11\\\/30\\\/mi-trabajo-me-da-ansiedad-que-puedo-hacer-cuando-el-problema-es-el-trato-que-recibo\\\/#breadcrumb\"},\"inLanguage\":\"en-US\",\"potentialAction\":[{\"@type\":\"ReadAction\",\"target\":[\"https:\\\/\\\/marymarchantepsicologa.com\\\/2025\\\/11\\\/30\\\/mi-trabajo-me-da-ansiedad-que-puedo-hacer-cuando-el-problema-es-el-trato-que-recibo\\\/\"]}]},{\"@type\":\"BreadcrumbList\",\"@id\":\"https:\\\/\\\/marymarchantepsicologa.com\\\/2025\\\/11\\\/30\\\/mi-trabajo-me-da-ansiedad-que-puedo-hacer-cuando-el-problema-es-el-trato-que-recibo\\\/#breadcrumb\",\"itemListElement\":[{\"@type\":\"ListItem\",\"position\":1,\"name\":\"Inicio\",\"item\":\"https:\\\/\\\/marymarchantepsicologa.com\\\/\"},{\"@type\":\"ListItem\",\"position\":2,\"name\":\"Ansiedad\",\"item\":\"https:\\\/\\\/marymarchantepsicologa.com\\\/category\\\/ansiedad\\\/\"},{\"@type\":\"ListItem\",\"position\":3,\"name\":\"Mi trabajo me da ansiedad: \u00bfqu\u00e9 puedo hacer cuando el problema es el trato que recibo?\"}]},{\"@type\":\"WebSite\",\"@id\":\"https:\\\/\\\/marymarchantepsicologa.com\\\/#website\",\"url\":\"https:\\\/\\\/marymarchantepsicologa.com\\\/\",\"name\":\"www.marymarchantepsicologa.com\",\"description\":\"Psic\u00f3loga en Carabanchel Alto\",\"publisher\":{\"@id\":\"https:\\\/\\\/marymarchantepsicologa.com\\\/#organization\"},\"potentialAction\":[{\"@type\":\"SearchAction\",\"target\":{\"@type\":\"EntryPoint\",\"urlTemplate\":\"https:\\\/\\\/marymarchantepsicologa.com\\\/?s={search_term_string}\"},\"query-input\":{\"@type\":\"PropertyValueSpecification\",\"valueRequired\":true,\"valueName\":\"search_term_string\"}}],\"inLanguage\":\"en-US\"},{\"@type\":\"Organization\",\"@id\":\"https:\\\/\\\/marymarchantepsicologa.com\\\/#organization\",\"name\":\"Mary Marchante Psic\u00f3loga\",\"url\":\"https:\\\/\\\/marymarchantepsicologa.com\\\/\",\"logo\":{\"@type\":\"ImageObject\",\"inLanguage\":\"en-US\",\"@id\":\"https:\\\/\\\/marymarchantepsicologa.com\\\/#\\\/schema\\\/logo\\\/image\\\/\",\"url\":\"https:\\\/\\\/marymarchantepsicologa.com\\\/wp-content\\\/uploads\\\/2022\\\/07\\\/Mary-Marchante-con-fondo-logo-.png\",\"contentUrl\":\"https:\\\/\\\/marymarchantepsicologa.com\\\/wp-content\\\/uploads\\\/2022\\\/07\\\/Mary-Marchante-con-fondo-logo-.png\",\"width\":500,\"height\":500,\"caption\":\"Mary Marchante Psic\u00f3loga\"},\"image\":{\"@id\":\"https:\\\/\\\/marymarchantepsicologa.com\\\/#\\\/schema\\\/logo\\\/image\\\/\"},\"sameAs\":[\"https:\\\/\\\/www.instagram.com\\\/marymarchantepsicologa\\\/\",\"https:\\\/\\\/www.tiktok.com\\\/@marymarchantepsicologa\"]},{\"@type\":\"Person\",\"@id\":\"https:\\\/\\\/marymarchantepsicologa.com\\\/#\\\/schema\\\/person\\\/4991dfaf9e189b5f17da74d2424bc59e\",\"name\":\"Mary Marchante Psic\u00f3loga\",\"image\":{\"@type\":\"ImageObject\",\"inLanguage\":\"en-US\",\"@id\":\"https:\\\/\\\/secure.gravatar.com\\\/avatar\\\/e37fe7c45c075e804fc0dcd1c1a994942941e5d4463b255a474da6e48c446254?s=96&d=blank&r=g\",\"url\":\"https:\\\/\\\/secure.gravatar.com\\\/avatar\\\/e37fe7c45c075e804fc0dcd1c1a994942941e5d4463b255a474da6e48c446254?s=96&d=blank&r=g\",\"contentUrl\":\"https:\\\/\\\/secure.gravatar.com\\\/avatar\\\/e37fe7c45c075e804fc0dcd1c1a994942941e5d4463b255a474da6e48c446254?s=96&d=blank&r=g\",\"caption\":\"Mary Marchante Psic\u00f3loga\"},\"sameAs\":[\"https:\\\/\\\/marymarchantepsicologa.com\"]}]}<\/script>\n<!-- \/ Yoast SEO plugin. -->","yoast_head_json":{"title":"Mi trabajo me da ansiedad: \u00bfqu\u00e9 puedo hacer cuando el problema es el trato que recibo? - Mary Marchante","description":"Descubre c\u00f3mo sobrepensar (overthinking) afecta a tu salud mental y aprende d\u00f3nde poner tu energ\u00eda. Recupera tu tranquilidad.","robots":{"index":"index","follow":"follow","max-snippet":"max-snippet:-1","max-image-preview":"max-image-preview:large","max-video-preview":"max-video-preview:-1"},"canonical":"https:\/\/marymarchantepsicologa.com\/en\/2025\/11\/30\/mi-trabajo-me-da-ansiedad-que-puedo-hacer-cuando-el-problema-es-el-trato-que-recibo\/","og_locale":"en_US","og_type":"article","og_title":"Mi trabajo me da ansiedad: \u00bfqu\u00e9 puedo hacer cuando el problema es el trato que recibo? - Mary Marchante","og_description":"Descubre c\u00f3mo sobrepensar (overthinking) afecta a tu salud mental y aprende d\u00f3nde poner tu energ\u00eda. Recupera tu tranquilidad.","og_url":"https:\/\/marymarchantepsicologa.com\/en\/2025\/11\/30\/mi-trabajo-me-da-ansiedad-que-puedo-hacer-cuando-el-problema-es-el-trato-que-recibo\/","og_site_name":"Mary Marchante","article_publisher":"https:\/\/www.instagram.com\/marymarchantepsicologa\/","article_published_time":"2025-11-30T10:21:33+00:00","article_modified_time":"2026-01-22T10:51:37+00:00","author":"Mary Marchante Psic\u00f3loga","twitter_card":"summary_large_image","twitter_misc":{"Written by":"Mary Marchante Psic\u00f3loga","Est. reading time":"7 minutes"},"schema":{"@context":"https:\/\/schema.org","@graph":[{"@type":"Article","@id":"https:\/\/marymarchantepsicologa.com\/2025\/11\/30\/mi-trabajo-me-da-ansiedad-que-puedo-hacer-cuando-el-problema-es-el-trato-que-recibo\/#article","isPartOf":{"@id":"https:\/\/marymarchantepsicologa.com\/2025\/11\/30\/mi-trabajo-me-da-ansiedad-que-puedo-hacer-cuando-el-problema-es-el-trato-que-recibo\/"},"author":{"name":"Mary Marchante Psic\u00f3loga","@id":"https:\/\/marymarchantepsicologa.com\/#\/schema\/person\/4991dfaf9e189b5f17da74d2424bc59e"},"headline":"Mi trabajo me da ansiedad: \u00bfqu\u00e9 puedo hacer cuando el problema es el trato que recibo?","datePublished":"2025-11-30T10:21:33+00:00","dateModified":"2026-01-22T10:51:37+00:00","mainEntityOfPage":{"@id":"https:\/\/marymarchantepsicologa.com\/2025\/11\/30\/mi-trabajo-me-da-ansiedad-que-puedo-hacer-cuando-el-problema-es-el-trato-que-recibo\/"},"wordCount":1505,"commentCount":0,"publisher":{"@id":"https:\/\/marymarchantepsicologa.com\/#organization"},"articleSection":["Ansiedad"],"inLanguage":"en-US","potentialAction":[{"@type":"CommentAction","name":"Comment","target":["https:\/\/marymarchantepsicologa.com\/2025\/11\/30\/mi-trabajo-me-da-ansiedad-que-puedo-hacer-cuando-el-problema-es-el-trato-que-recibo\/#respond"]}]},{"@type":"WebPage","@id":"https:\/\/marymarchantepsicologa.com\/2025\/11\/30\/mi-trabajo-me-da-ansiedad-que-puedo-hacer-cuando-el-problema-es-el-trato-que-recibo\/","url":"https:\/\/marymarchantepsicologa.com\/2025\/11\/30\/mi-trabajo-me-da-ansiedad-que-puedo-hacer-cuando-el-problema-es-el-trato-que-recibo\/","name":"Mi trabajo me da ansiedad: \u00bfqu\u00e9 puedo hacer cuando el problema es el trato que recibo? - Mary Marchante","isPartOf":{"@id":"https:\/\/marymarchantepsicologa.com\/#website"},"datePublished":"2025-11-30T10:21:33+00:00","dateModified":"2026-01-22T10:51:37+00:00","description":"Descubre c\u00f3mo sobrepensar (overthinking) afecta a tu salud mental y aprende d\u00f3nde poner tu energ\u00eda. Recupera tu tranquilidad.","breadcrumb":{"@id":"https:\/\/marymarchantepsicologa.com\/2025\/11\/30\/mi-trabajo-me-da-ansiedad-que-puedo-hacer-cuando-el-problema-es-el-trato-que-recibo\/#breadcrumb"},"inLanguage":"en-US","potentialAction":[{"@type":"ReadAction","target":["https:\/\/marymarchantepsicologa.com\/2025\/11\/30\/mi-trabajo-me-da-ansiedad-que-puedo-hacer-cuando-el-problema-es-el-trato-que-recibo\/"]}]},{"@type":"BreadcrumbList","@id":"https:\/\/marymarchantepsicologa.com\/2025\/11\/30\/mi-trabajo-me-da-ansiedad-que-puedo-hacer-cuando-el-problema-es-el-trato-que-recibo\/#breadcrumb","itemListElement":[{"@type":"ListItem","position":1,"name":"Inicio","item":"https:\/\/marymarchantepsicologa.com\/"},{"@type":"ListItem","position":2,"name":"Ansiedad","item":"https:\/\/marymarchantepsicologa.com\/category\/ansiedad\/"},{"@type":"ListItem","position":3,"name":"Mi trabajo me da ansiedad: \u00bfqu\u00e9 puedo hacer cuando el problema es el trato que recibo?"}]},{"@type":"WebSite","@id":"https:\/\/marymarchantepsicologa.com\/#website","url":"https:\/\/marymarchantepsicologa.com\/","name":"www.marymarchantepsicologa.com","description":"Psic\u00f3loga en Carabanchel Alto","publisher":{"@id":"https:\/\/marymarchantepsicologa.com\/#organization"},"potentialAction":[{"@type":"SearchAction","target":{"@type":"EntryPoint","urlTemplate":"https:\/\/marymarchantepsicologa.com\/?s={search_term_string}"},"query-input":{"@type":"PropertyValueSpecification","valueRequired":true,"valueName":"search_term_string"}}],"inLanguage":"en-US"},{"@type":"Organization","@id":"https:\/\/marymarchantepsicologa.com\/#organization","name":"Mary Marchante Psic\u00f3loga","url":"https:\/\/marymarchantepsicologa.com\/","logo":{"@type":"ImageObject","inLanguage":"en-US","@id":"https:\/\/marymarchantepsicologa.com\/#\/schema\/logo\/image\/","url":"https:\/\/marymarchantepsicologa.com\/wp-content\/uploads\/2022\/07\/Mary-Marchante-con-fondo-logo-.png","contentUrl":"https:\/\/marymarchantepsicologa.com\/wp-content\/uploads\/2022\/07\/Mary-Marchante-con-fondo-logo-.png","width":500,"height":500,"caption":"Mary Marchante Psic\u00f3loga"},"image":{"@id":"https:\/\/marymarchantepsicologa.com\/#\/schema\/logo\/image\/"},"sameAs":["https:\/\/www.instagram.com\/marymarchantepsicologa\/","https:\/\/www.tiktok.com\/@marymarchantepsicologa"]},{"@type":"Person","@id":"https:\/\/marymarchantepsicologa.com\/#\/schema\/person\/4991dfaf9e189b5f17da74d2424bc59e","name":"Mary Marchante Psic\u00f3loga","image":{"@type":"ImageObject","inLanguage":"en-US","@id":"https:\/\/secure.gravatar.com\/avatar\/e37fe7c45c075e804fc0dcd1c1a994942941e5d4463b255a474da6e48c446254?s=96&d=blank&r=g","url":"https:\/\/secure.gravatar.com\/avatar\/e37fe7c45c075e804fc0dcd1c1a994942941e5d4463b255a474da6e48c446254?s=96&d=blank&r=g","contentUrl":"https:\/\/secure.gravatar.com\/avatar\/e37fe7c45c075e804fc0dcd1c1a994942941e5d4463b255a474da6e48c446254?s=96&d=blank&r=g","caption":"Mary Marchante Psic\u00f3loga"},"sameAs":["https:\/\/marymarchantepsicologa.com"]}]}},"_links":{"self":[{"href":"https:\/\/marymarchantepsicologa.com\/en\/wp-json\/wp\/v2\/posts\/2971","targetHints":{"allow":["GET"]}}],"collection":[{"href":"https:\/\/marymarchantepsicologa.com\/en\/wp-json\/wp\/v2\/posts"}],"about":[{"href":"https:\/\/marymarchantepsicologa.com\/en\/wp-json\/wp\/v2\/types\/post"}],"author":[{"embeddable":true,"href":"https:\/\/marymarchantepsicologa.com\/en\/wp-json\/wp\/v2\/users\/1"}],"replies":[{"embeddable":true,"href":"https:\/\/marymarchantepsicologa.com\/en\/wp-json\/wp\/v2\/comments?post=2971"}],"version-history":[{"count":3,"href":"https:\/\/marymarchantepsicologa.com\/en\/wp-json\/wp\/v2\/posts\/2971\/revisions"}],"predecessor-version":[{"id":3064,"href":"https:\/\/marymarchantepsicologa.com\/en\/wp-json\/wp\/v2\/posts\/2971\/revisions\/3064"}],"wp:attachment":[{"href":"https:\/\/marymarchantepsicologa.com\/en\/wp-json\/wp\/v2\/media?parent=2971"}],"wp:term":[{"taxonomy":"category","embeddable":true,"href":"https:\/\/marymarchantepsicologa.com\/en\/wp-json\/wp\/v2\/categories?post=2971"},{"taxonomy":"post_tag","embeddable":true,"href":"https:\/\/marymarchantepsicologa.com\/en\/wp-json\/wp\/v2\/tags?post=2971"}],"curies":[{"name":"wp","href":"https:\/\/api.w.org\/{rel}","templated":true}]}}