{"id":2941,"date":"2025-11-19T13:28:53","date_gmt":"2025-11-19T13:28:53","guid":{"rendered":"https:\/\/marymarchantepsicologa.com\/?p=2941"},"modified":"2026-01-22T10:54:30","modified_gmt":"2026-01-22T10:54:30","slug":"por-que-ir-al-psicologo-cuidar-tu-mente-tambien-es-salud","status":"publish","type":"post","link":"https:\/\/marymarchantepsicologa.com\/en\/2025\/11\/19\/por-que-ir-al-psicologo-cuidar-tu-mente-tambien-es-salud\/","title":{"rendered":"\u00bfPor qu\u00e9 ir al psic\u00f3logo? Cuidar tu mente tambi\u00e9n es salud"},"content":{"rendered":"<p>&nbsp;<\/p>\n<p><span style=\"font-weight: 400;\">Todav\u00eda hoy muchas personas sienten dudas o son reticentes ante la idea de ir al psic\u00f3logo.<\/span><\/p>\n<p><span style=\"font-weight: 400;\"> A veces es el miedo a lo que otros puedan pensar los dem\u00e1s, otras veces se confunde pedir ayuda con \u201cno poder solo\u201d. Tambi\u00e9n hay quien no sabe bien qu\u00e9 se hace en una consulta o teme encontrarse con algo que le resulte desagradable.<\/span><\/p>\n<p><span style=\"font-weight: 400;\">Sin embargo, <\/span><b>pedir ayuda psicol\u00f3gica no es un signo de debilidad<\/b><span style=\"font-weight: 400;\">, sino todo lo contrario: es un acto de valent\u00eda y responsabilidad contigo mismo.<\/span><span style=\"font-weight: 400;\"><br \/>\n<\/span><\/p>\n<p><span style=\"font-weight: 400;\">Significa reconocer que algo no est\u00e1 bien y que deseas comprenderlo, atenderlo y encontrar una manera m\u00e1s sana de gestionarlo.<\/span><\/p>\n<p>&nbsp;<\/p>\n<h2>Ir al psic\u00f3logo por primera vez: el primer paso para encontrarte mejor<\/h2>\n<p><span style=\"font-weight: 400;\">Acudir a un profesional de la psicolog\u00eda es una forma de <\/span><b>cuidar tu bienestar mental.<\/b><\/p>\n<p><span style=\"font-weight: 400;\">El psic\u00f3logo no te va a decir lo que tienes que hacer, sino que te acompa\u00f1ar\u00e1 a <\/span><b>entender qu\u00e9 te ocurre<\/b><span style=\"font-weight: 400;\">, a poner palabras al malestar y a encontrar nuevas formas m\u00e1s funcionales de relacionarte contigo mismo y con los dem\u00e1s.<\/span><\/p>\n<p><span style=\"font-weight: 400;\">La terapia es un proceso de autoconocimiento, comprensi\u00f3n y cambio y puede ayudarte tanto en momentos de crisis \u2014una p\u00e9rdida, una ruptura, un conflicto contigo mismo\u2014 como en etapas de crecimiento personal, cuando sientes que quieres vivir con m\u00e1s calma y serenidad.<\/span><\/p>\n<p>&nbsp;<\/p>\n<h2>Razones por las que puede ser \u00fatil ir al psic\u00f3logo<\/h2>\n<p><span style=\"font-weight: 400;\">Las razones para acudir a terapia son tan diversas como las personas y es algo muy personal, es decir, no hay respuestas correctas o incorrectas, si te genera malestar, eso ya es una raz\u00f3n v\u00e1lida para buscar a una psic\u00f3loga experta y coger cita para explorar qu\u00e9 est\u00e1 ocurriendo. A\u00fan as\u00ed, quiero dejarte por aqu\u00ed algunas de las razones m\u00e1s habituales que me comentan mis pacientes:<\/span><\/p>\n<ul>\n<li><span style=\"font-weight: 400;\">Sentir que atraviesas un momento dif\u00edcil y no sabes por d\u00f3nde empezar para solucionarlo.<\/span>&nbsp;<\/li>\n<li><span style=\"font-weight: 400;\">Buscar <\/span><b>herramientas emocionales<\/b><span style=\"font-weight: 400;\"> para manejar la ansiedad, la tristeza, la ira o el estr\u00e9s.<\/span>&nbsp;<\/li>\n<li><span style=\"font-weight: 400;\">Comprender por qu\u00e9 repites ciertos patrones que has visto en casa o te relacionas desde el miedo o la culpa.<\/span>&nbsp;<\/li>\n<li>Cuando eres consciente de que las emociones te abruman y sientes que no tienes herramientas para solucionarlo.<\/li>\n<li><span style=\"font-weight: 400;\">Aprender a <\/span><b>poner l\u00edmites<\/b><span style=\"font-weight: 400;\">, mejorar la comunicaci\u00f3n en pareja o fortalecer la autoestima.<\/span>&nbsp;<\/li>\n<li>Cuando el miedo te impide hacer cosas que te gustar\u00eda hacer, es decir, te limita.<\/li>\n<li><span style=\"font-weight: 400;\">Afrontar un <\/span><b>duelo<\/b><span style=\"font-weight: 400;\"> o una etapa de cambio vital que te sobrepasa.<\/span>&nbsp;<\/li>\n<li><span style=\"font-weight: 400;\">Sanar heridas del pasado o experiencias dolorosas que a\u00fan te afectan.<\/span>&nbsp;<\/li>\n<li><span style=\"font-weight: 400;\">Profundizar en tu <\/span><b>autoconocimiento<\/b><span style=\"font-weight: 400;\"> y en tu forma de vivir las emociones.<br \/>\n<\/span><span style=\"font-weight: 400;\"><br \/>\n<\/span><\/li>\n<\/ul>\n<p><span style=\"font-weight: 400;\">En definitiva, ir al psic\u00f3logo no es solo para cuando algo va mal o tu mundo se est\u00e1 viniendo abajo, sino que tambi\u00e9n es una manera de <\/span><b>crecer, prevenir antes de que el problema se haga insostenible y aprender a cuidarte mejor<\/b><span style=\"font-weight: 400;\">.<\/span><\/p>\n<p>&nbsp;<\/p>\n<h2>Se\u00f1ales de que podr\u00edas necesitar apoyo psicol\u00f3gico<\/h2>\n<p><span style=\"font-weight: 400;\">A veces el cuerpo y la mente nos env\u00edan se\u00f1ales que conviene escuchar. Seguro que recuerdas alg\u00fan momento en el que tu cuerpo intent\u00f3 avisarte de algo\u2026 y no le hiciste demasiado caso. El cuerpo es sabio, y cuando necesita que prestes atenci\u00f3n, lo hace saber de una u otra forma. Si lo ignoras, insistir\u00e1 cada vez con m\u00e1s fuerza, hasta que finalmente te detengas y le escuches.<\/span><\/p>\n<p><span style=\"font-weight: 400;\">Lo veo con frecuencia en consulta: personas que llegan diciendo <\/span><strong><i>\u201cvengo porque estoy de baja, pero llevaba meses con dolor de cabeza, tensi\u00f3n en el cuello, sin poder dormir bien y una tristeza constante\u201d<\/i><\/strong><span style=\"font-weight: 400;\">. El cuerpo lleva tiempo hablando, solo que a veces no queremos pararnos a bucear en nuestro interior.<\/span><\/p>\n<p><span style=\"font-weight: 400;\">Algunas de las se\u00f1ales que m\u00e1s observo en mi consulta de psicolog\u00eda en carabanchel son:<\/span><\/p>\n<p>&nbsp;<\/p>\n<ul>\n<li><b>Cansancio o insomnio<\/b><span style=\"font-weight: 400;\"> persistente sin causa m\u00e9dica aparente.\u00a0<\/span>&nbsp;<\/li>\n<li><b>Dolores f\u00edsicos<\/b><span style=\"font-weight: 400;\"> (de cabeza, est\u00f3mago, tensi\u00f3n muscular) relacionados con el estr\u00e9s o la preocupaci\u00f3n, n\u00e1useas o mareos.<\/span><\/li>\n<li><span style=\"font-weight: 400;\">Falta de motivaci\u00f3n, dificultad para concentrarte o sensaci\u00f3n de estar bloqueado.<\/span>&nbsp;<\/li>\n<li><b>Apat\u00eda<\/b><span style=\"font-weight: 400;\"> o p\u00e9rdida de inter\u00e9s por actividades que antes disfrutabas.<\/span>&nbsp;<\/li>\n<li><span style=\"font-weight: 400;\">Cambios de humor frecuentes, irritabilidad o sensaci\u00f3n de vac\u00edo interior.<\/span>&nbsp;<\/li>\n<li><span style=\"font-weight: 400;\">Dificultades en tus relaciones o sentimiento de soledad constante.<\/span>&nbsp;<\/li>\n<li><span style=\"font-weight: 400;\">Haber vivido una experiencia <\/span><b>traum\u00e1tica o dolorosa<\/b><span style=\"font-weight: 400;\"> y sentir que no logras superarla.<\/span>&nbsp;<\/li>\n<li><span style=\"font-weight: 400;\">Crisis vital: no saber hacia d\u00f3nde ir, sentirte perdido o desconectado de ti mismo.<br \/>\n<\/span><\/li>\n<\/ul>\n<p>&nbsp;<\/p>\n<p><span style=\"font-weight: 400;\">Prestar atenci\u00f3n a estas se\u00f1ales a veces da miedo, lo entiendo, pero cuando <\/span><b>tu cuerpo y tu mente est\u00e1n pidiendo atenci\u00f3n y cuidado<\/b><span style=\"font-weight: 400;\"> es por algo. En el caso de que no puedas solo, pide ayuda.<\/span><\/p>\n<p>&nbsp;<\/p>\n<h2>Romper los mitos: ir al psic\u00f3logo no es para \u201clocos\u201d<\/h2>\n<p><span style=\"font-weight: 400;\">Durante mucho tiempo se ha asociado la terapia psicol\u00f3gica con la idea de tener un trastorno grave.<\/span><span style=\"font-weight: 400;\"><br \/>\n<\/span><span style=\"font-weight: 400;\"><br \/>\nHoy sabemos que eso no es as\u00ed, el campo de intervenci\u00f3n es mucho m\u00e1s amplio. Ir al psic\u00f3logo <\/span><b>no es solo para quien sufre<\/b><span style=\"font-weight: 400;\">, sino tambi\u00e9n para quien quiere <\/span><b>comprenderse, mejorar sus relaciones o sentirse m\u00e1s en paz consigo mismo<\/b><span style=\"font-weight: 400;\">.<\/span><\/p>\n<p><span style=\"font-weight: 400;\">De hecho, acudir a terapia puede compararse con ir al gimnasio o al m\u00e9dico: lo haces para mantenerte saludable, no solo cuando algo duele.<\/span><\/p>\n<p><span style=\"font-weight: 400;\">La diferencia es que, en este caso, el trabajo se hace desde dentro, pero \u00a1tambi\u00e9n hay que trabajar mucho! jajaja<\/span><\/p>\n<p>&nbsp;<\/p>\n<h2>Beneficios de acudir a terapia psicol\u00f3gica<\/h2>\n<p><span style=\"font-weight: 400;\">Cada proceso terap\u00e9utico es \u00fanico, pero la mayor\u00eda de las personas que acuden a consulta destacan beneficios como:<\/span><\/p>\n<ul>\n<li><b>Mayor equilibrio emocional: <\/b><span style=\"font-weight: 400;\">aprendes a reconocer tus emociones, a gestionarlas mejor y a responder de forma m\u00e1s consciente ante lo que te sucede.<\/span><\/li>\n<li><b>Autoconocimiento y crecimiento personal: <\/b><span style=\"font-weight: 400;\">conoces mejor tus necesidades, tus l\u00edmites y tus herramientas. Entiendes por qu\u00e9 piensas o act\u00faas de cierta manera y puedes empezar a cambiar lo que en su d\u00eda fue una respuesta necesaria, pero que hoy en d\u00eda no te est\u00e1 ayudando.<\/span><\/li>\n<li><b>Mejora en las relaciones: <\/b><span style=\"font-weight: 400;\">la terapia te ense\u00f1a a comunicarte con m\u00e1s claridad, a establecer relaciones m\u00e1s sanas y a cuidar tus v\u00ednculos sin perderte en ellos.<\/span><\/li>\n<li><b>Autoestima y confianza: <\/b><span style=\"font-weight: 400;\">descubres tus fortalezas, aprendes a validarte sin necesitar la aprobaci\u00f3n externa y a tratarte con m\u00e1s amabilidad.<\/span><\/li>\n<li><b>Nuevas herramientas: <\/b>d<span style=\"font-weight: 400;\">esarrollas estrategias para afrontar la ansiedad, la tristeza o el miedo desde un lugar m\u00e1s consciente, flexible y adaptativo.<\/span><\/li>\n<\/ul>\n<p>&nbsp;<\/p>\n<h2>\u00bfQu\u00e9 esperar de la primera sesi\u00f3n con el psic\u00f3logo?<\/h2>\n<p><span style=\"font-weight: 400;\">La primera cita no es un examen, puedes respirar tranquilo, no necesitas hacer nada para ir por primera vez al psic\u00f3logo, \u00fanicamente pide cita y el profesional te sabr\u00e1 orientar y te ir\u00e1 guiando. <\/span><span style=\"font-weight: 400;\">Es un encuentro en el que podr\u00e1s <\/span><b>explicar con tus propias palabras<\/b><span style=\"font-weight: 400;\"> qu\u00e9 te preocupa y qu\u00e9 esperas del proceso. <\/span><span style=\"font-weight: 400;\">El psic\u00f3logo te escuchar\u00e1 con atenci\u00f3n, te har\u00e1 algunas preguntas para entender mejor tu situaci\u00f3n y te explicar\u00e1 c\u00f3mo podr\u00eda ayudarte.<\/span><\/p>\n<p><span style=\"font-weight: 400;\">Juntos establecer\u00e9is unos objetivos de trabajo y un ritmo adaptado a tus necesidades.<\/span><\/p>\n<p><span style=\"font-weight: 400;\">No necesitas llevar nada preparado, solo acudir, ya que ese es el primer paso.<\/span><\/p>\n<p>&nbsp;<\/p>\n<h2>Un proceso que se recorre acompa\u00f1ado<\/h2>\n<p><span style=\"font-weight: 400;\">La terapia no consiste en que alguien te d\u00e9 las respuestas, sino en <\/span><b>aprender a encontrarlas dentro de ti<\/b><span style=\"font-weight: 400;\">.<\/span><span style=\"font-weight: 400;\"><br \/>\n<\/span><span style=\"font-weight: 400;\">Cada sesi\u00f3n es un espacio de reflexi\u00f3n, autoconocimiento y crecimiento, donde podr\u00e1s hablar sin miedo y sin juicio sobre temas que te preocupan.\u00a0<\/span><\/p>\n<p><span style=\"font-weight: 400;\">Poco a poco, empezar\u00e1s a sentirte m\u00e1s preparado y con m\u00e1s herramientas para afrontar la vida.<\/span><\/p>\n<p><span style=\"font-weight: 400;\">Porque sanar es <\/span><b>aprender a vivir con lo que doli\u00f3 sin que te limite<\/b><span style=\"font-weight: 400;\">.<\/span><\/p>\n<p>&nbsp;<\/p>\n<h2>Conclusi\u00f3n: cuidar tu mente tambi\u00e9n es cuidarte a ti<\/h2>\n<p><span style=\"font-weight: 400;\">Ir al psic\u00f3logo no es haber fallado como el adulto aut\u00f3nomo y funcional que eres, es escucharte y brindarte ayuda cuando lo necesitas.<\/span><\/p>\n<p><span style=\"font-weight: 400;\">Es reconocer que mereces sentirte bien y que no tienes por qu\u00e9 hacerlo solo.<\/span><\/p>\n<p><span style=\"font-weight: 400;\">En <\/span><a href=\"https:\/\/marymarchantepsicologa.com\/en\/\"><b>Mary Marchante Psic\u00f3loga<\/b><\/a><span style=\"font-weight: 400;\">, encontrar\u00e1s un espacio seguro y cercano donde poder comprenderte, sanar y reconstruirte.<\/span><\/p>\n<p>Porque cuidar de tu mente <b>tambi\u00e9n es salud<\/b><span style=\"font-weight: 400;\">.<\/span><\/p>\n<p style=\"text-align: center;\"><a class=\"btn-chopin-blog\" href=\"https:\/\/marymarchantepsicologa.com\/en\/contacto\/\">Haz clic aqu\u00ed para pedirnos una primera cita<br \/>\n<\/a><\/p>","protected":false},"excerpt":{"rendered":"<p>&nbsp; Todav\u00eda hoy muchas personas sienten dudas o son reticentes ante la idea de ir al psic\u00f3logo. A veces es el miedo a lo que otros puedan pensar los dem\u00e1s, otras veces se confunde pedir ayuda con \u201cno poder solo\u201d. Tambi\u00e9n hay quien no sabe bien qu\u00e9 se hace en una consulta o teme encontrarse [&hellip;]<\/p>\n","protected":false},"author":1,"featured_media":0,"comment_status":"open","ping_status":"open","sticky":false,"template":"","format":"standard","meta":{"footnotes":""},"categories":[32],"tags":[],"class_list":["post-2941","post","type-post","status-publish","format-standard","hentry","category-terapia"],"yoast_head":"<!-- This site is optimized with the Yoast SEO plugin v27.5 - https:\/\/yoast.com\/product\/yoast-seo-wordpress\/ -->\n<title>\u00bfPor qu\u00e9 ir al psic\u00f3logo? Cuidar tu mente tambi\u00e9n es salud - Mary Marchante<\/title>\n<meta name=\"description\" content=\"Descubre c\u00f3mo sobrepensar (overthinking) afecta a tu salud mental y aprende d\u00f3nde poner tu energ\u00eda. Recupera tu tranquilidad.\" \/>\n<meta name=\"robots\" content=\"index, follow, max-snippet:-1, max-image-preview:large, max-video-preview:-1\" \/>\n<link rel=\"canonical\" href=\"https:\/\/marymarchantepsicologa.com\/en\/2025\/11\/19\/por-que-ir-al-psicologo-cuidar-tu-mente-tambien-es-salud\/\" \/>\n<meta property=\"og:locale\" content=\"en_US\" \/>\n<meta property=\"og:type\" content=\"article\" \/>\n<meta property=\"og:title\" content=\"\u00bfPor qu\u00e9 ir al psic\u00f3logo? Cuidar tu mente tambi\u00e9n es salud - Mary Marchante\" \/>\n<meta property=\"og:description\" content=\"Descubre c\u00f3mo sobrepensar (overthinking) afecta a tu salud mental y aprende d\u00f3nde poner tu energ\u00eda. Recupera tu tranquilidad.\" \/>\n<meta property=\"og:url\" content=\"https:\/\/marymarchantepsicologa.com\/en\/2025\/11\/19\/por-que-ir-al-psicologo-cuidar-tu-mente-tambien-es-salud\/\" \/>\n<meta property=\"og:site_name\" content=\"Mary Marchante\" \/>\n<meta property=\"article:publisher\" content=\"https:\/\/www.instagram.com\/marymarchantepsicologa\/\" \/>\n<meta property=\"article:published_time\" content=\"2025-11-19T13:28:53+00:00\" \/>\n<meta property=\"article:modified_time\" content=\"2026-01-22T10:54:30+00:00\" \/>\n<meta name=\"author\" content=\"Mary Marchante Psic\u00f3loga\" \/>\n<meta name=\"twitter:card\" content=\"summary_large_image\" \/>\n<meta name=\"twitter:label1\" content=\"Written by\" \/>\n\t<meta name=\"twitter:data1\" content=\"Mary Marchante Psic\u00f3loga\" \/>\n\t<meta name=\"twitter:label2\" content=\"Est. reading time\" \/>\n\t<meta name=\"twitter:data2\" content=\"6 minutes\" \/>\n<script type=\"application\/ld+json\" class=\"yoast-schema-graph\">{\"@context\":\"https:\\\/\\\/schema.org\",\"@graph\":[{\"@type\":\"Article\",\"@id\":\"https:\\\/\\\/marymarchantepsicologa.com\\\/2025\\\/11\\\/19\\\/por-que-ir-al-psicologo-cuidar-tu-mente-tambien-es-salud\\\/#article\",\"isPartOf\":{\"@id\":\"https:\\\/\\\/marymarchantepsicologa.com\\\/2025\\\/11\\\/19\\\/por-que-ir-al-psicologo-cuidar-tu-mente-tambien-es-salud\\\/\"},\"author\":{\"name\":\"Mary Marchante Psic\u00f3loga\",\"@id\":\"https:\\\/\\\/marymarchantepsicologa.com\\\/#\\\/schema\\\/person\\\/4991dfaf9e189b5f17da74d2424bc59e\"},\"headline\":\"\u00bfPor qu\u00e9 ir al psic\u00f3logo? Cuidar tu mente tambi\u00e9n es salud\",\"datePublished\":\"2025-11-19T13:28:53+00:00\",\"dateModified\":\"2026-01-22T10:54:30+00:00\",\"mainEntityOfPage\":{\"@id\":\"https:\\\/\\\/marymarchantepsicologa.com\\\/2025\\\/11\\\/19\\\/por-que-ir-al-psicologo-cuidar-tu-mente-tambien-es-salud\\\/\"},\"wordCount\":1414,\"commentCount\":0,\"publisher\":{\"@id\":\"https:\\\/\\\/marymarchantepsicologa.com\\\/#organization\"},\"articleSection\":[\"Terapia\"],\"inLanguage\":\"en-US\",\"potentialAction\":[{\"@type\":\"CommentAction\",\"name\":\"Comment\",\"target\":[\"https:\\\/\\\/marymarchantepsicologa.com\\\/2025\\\/11\\\/19\\\/por-que-ir-al-psicologo-cuidar-tu-mente-tambien-es-salud\\\/#respond\"]}]},{\"@type\":\"WebPage\",\"@id\":\"https:\\\/\\\/marymarchantepsicologa.com\\\/2025\\\/11\\\/19\\\/por-que-ir-al-psicologo-cuidar-tu-mente-tambien-es-salud\\\/\",\"url\":\"https:\\\/\\\/marymarchantepsicologa.com\\\/2025\\\/11\\\/19\\\/por-que-ir-al-psicologo-cuidar-tu-mente-tambien-es-salud\\\/\",\"name\":\"\u00bfPor qu\u00e9 ir al psic\u00f3logo? Cuidar tu mente tambi\u00e9n es salud - Mary Marchante\",\"isPartOf\":{\"@id\":\"https:\\\/\\\/marymarchantepsicologa.com\\\/#website\"},\"datePublished\":\"2025-11-19T13:28:53+00:00\",\"dateModified\":\"2026-01-22T10:54:30+00:00\",\"description\":\"Descubre c\u00f3mo sobrepensar (overthinking) afecta a tu salud mental y aprende d\u00f3nde poner tu energ\u00eda. Recupera tu tranquilidad.\",\"breadcrumb\":{\"@id\":\"https:\\\/\\\/marymarchantepsicologa.com\\\/2025\\\/11\\\/19\\\/por-que-ir-al-psicologo-cuidar-tu-mente-tambien-es-salud\\\/#breadcrumb\"},\"inLanguage\":\"en-US\",\"potentialAction\":[{\"@type\":\"ReadAction\",\"target\":[\"https:\\\/\\\/marymarchantepsicologa.com\\\/2025\\\/11\\\/19\\\/por-que-ir-al-psicologo-cuidar-tu-mente-tambien-es-salud\\\/\"]}]},{\"@type\":\"BreadcrumbList\",\"@id\":\"https:\\\/\\\/marymarchantepsicologa.com\\\/2025\\\/11\\\/19\\\/por-que-ir-al-psicologo-cuidar-tu-mente-tambien-es-salud\\\/#breadcrumb\",\"itemListElement\":[{\"@type\":\"ListItem\",\"position\":1,\"name\":\"Inicio\",\"item\":\"https:\\\/\\\/marymarchantepsicologa.com\\\/\"},{\"@type\":\"ListItem\",\"position\":2,\"name\":\"Terapia\",\"item\":\"https:\\\/\\\/marymarchantepsicologa.com\\\/category\\\/terapia\\\/\"},{\"@type\":\"ListItem\",\"position\":3,\"name\":\"\u00bfPor qu\u00e9 ir al psic\u00f3logo? Cuidar tu mente tambi\u00e9n es salud\"}]},{\"@type\":\"WebSite\",\"@id\":\"https:\\\/\\\/marymarchantepsicologa.com\\\/#website\",\"url\":\"https:\\\/\\\/marymarchantepsicologa.com\\\/\",\"name\":\"www.marymarchantepsicologa.com\",\"description\":\"Psic\u00f3loga en Carabanchel Alto\",\"publisher\":{\"@id\":\"https:\\\/\\\/marymarchantepsicologa.com\\\/#organization\"},\"potentialAction\":[{\"@type\":\"SearchAction\",\"target\":{\"@type\":\"EntryPoint\",\"urlTemplate\":\"https:\\\/\\\/marymarchantepsicologa.com\\\/?s={search_term_string}\"},\"query-input\":{\"@type\":\"PropertyValueSpecification\",\"valueRequired\":true,\"valueName\":\"search_term_string\"}}],\"inLanguage\":\"en-US\"},{\"@type\":\"Organization\",\"@id\":\"https:\\\/\\\/marymarchantepsicologa.com\\\/#organization\",\"name\":\"Mary Marchante Psic\u00f3loga\",\"url\":\"https:\\\/\\\/marymarchantepsicologa.com\\\/\",\"logo\":{\"@type\":\"ImageObject\",\"inLanguage\":\"en-US\",\"@id\":\"https:\\\/\\\/marymarchantepsicologa.com\\\/#\\\/schema\\\/logo\\\/image\\\/\",\"url\":\"https:\\\/\\\/marymarchantepsicologa.com\\\/wp-content\\\/uploads\\\/2022\\\/07\\\/Mary-Marchante-con-fondo-logo-.png\",\"contentUrl\":\"https:\\\/\\\/marymarchantepsicologa.com\\\/wp-content\\\/uploads\\\/2022\\\/07\\\/Mary-Marchante-con-fondo-logo-.png\",\"width\":500,\"height\":500,\"caption\":\"Mary Marchante Psic\u00f3loga\"},\"image\":{\"@id\":\"https:\\\/\\\/marymarchantepsicologa.com\\\/#\\\/schema\\\/logo\\\/image\\\/\"},\"sameAs\":[\"https:\\\/\\\/www.instagram.com\\\/marymarchantepsicologa\\\/\",\"https:\\\/\\\/www.tiktok.com\\\/@marymarchantepsicologa\"]},{\"@type\":\"Person\",\"@id\":\"https:\\\/\\\/marymarchantepsicologa.com\\\/#\\\/schema\\\/person\\\/4991dfaf9e189b5f17da74d2424bc59e\",\"name\":\"Mary Marchante Psic\u00f3loga\",\"image\":{\"@type\":\"ImageObject\",\"inLanguage\":\"en-US\",\"@id\":\"https:\\\/\\\/secure.gravatar.com\\\/avatar\\\/e37fe7c45c075e804fc0dcd1c1a994942941e5d4463b255a474da6e48c446254?s=96&d=blank&r=g\",\"url\":\"https:\\\/\\\/secure.gravatar.com\\\/avatar\\\/e37fe7c45c075e804fc0dcd1c1a994942941e5d4463b255a474da6e48c446254?s=96&d=blank&r=g\",\"contentUrl\":\"https:\\\/\\\/secure.gravatar.com\\\/avatar\\\/e37fe7c45c075e804fc0dcd1c1a994942941e5d4463b255a474da6e48c446254?s=96&d=blank&r=g\",\"caption\":\"Mary Marchante Psic\u00f3loga\"},\"sameAs\":[\"https:\\\/\\\/marymarchantepsicologa.com\"]}]}<\/script>\n<!-- \/ Yoast SEO plugin. -->","yoast_head_json":{"title":"\u00bfPor qu\u00e9 ir al psic\u00f3logo? Cuidar tu mente tambi\u00e9n es salud - Mary Marchante","description":"Descubre c\u00f3mo sobrepensar (overthinking) afecta a tu salud mental y aprende d\u00f3nde poner tu energ\u00eda. Recupera tu tranquilidad.","robots":{"index":"index","follow":"follow","max-snippet":"max-snippet:-1","max-image-preview":"max-image-preview:large","max-video-preview":"max-video-preview:-1"},"canonical":"https:\/\/marymarchantepsicologa.com\/en\/2025\/11\/19\/por-que-ir-al-psicologo-cuidar-tu-mente-tambien-es-salud\/","og_locale":"en_US","og_type":"article","og_title":"\u00bfPor qu\u00e9 ir al psic\u00f3logo? Cuidar tu mente tambi\u00e9n es salud - Mary Marchante","og_description":"Descubre c\u00f3mo sobrepensar (overthinking) afecta a tu salud mental y aprende d\u00f3nde poner tu energ\u00eda. Recupera tu tranquilidad.","og_url":"https:\/\/marymarchantepsicologa.com\/en\/2025\/11\/19\/por-que-ir-al-psicologo-cuidar-tu-mente-tambien-es-salud\/","og_site_name":"Mary Marchante","article_publisher":"https:\/\/www.instagram.com\/marymarchantepsicologa\/","article_published_time":"2025-11-19T13:28:53+00:00","article_modified_time":"2026-01-22T10:54:30+00:00","author":"Mary Marchante Psic\u00f3loga","twitter_card":"summary_large_image","twitter_misc":{"Written by":"Mary Marchante Psic\u00f3loga","Est. reading time":"6 minutes"},"schema":{"@context":"https:\/\/schema.org","@graph":[{"@type":"Article","@id":"https:\/\/marymarchantepsicologa.com\/2025\/11\/19\/por-que-ir-al-psicologo-cuidar-tu-mente-tambien-es-salud\/#article","isPartOf":{"@id":"https:\/\/marymarchantepsicologa.com\/2025\/11\/19\/por-que-ir-al-psicologo-cuidar-tu-mente-tambien-es-salud\/"},"author":{"name":"Mary Marchante Psic\u00f3loga","@id":"https:\/\/marymarchantepsicologa.com\/#\/schema\/person\/4991dfaf9e189b5f17da74d2424bc59e"},"headline":"\u00bfPor qu\u00e9 ir al psic\u00f3logo? Cuidar tu mente tambi\u00e9n es salud","datePublished":"2025-11-19T13:28:53+00:00","dateModified":"2026-01-22T10:54:30+00:00","mainEntityOfPage":{"@id":"https:\/\/marymarchantepsicologa.com\/2025\/11\/19\/por-que-ir-al-psicologo-cuidar-tu-mente-tambien-es-salud\/"},"wordCount":1414,"commentCount":0,"publisher":{"@id":"https:\/\/marymarchantepsicologa.com\/#organization"},"articleSection":["Terapia"],"inLanguage":"en-US","potentialAction":[{"@type":"CommentAction","name":"Comment","target":["https:\/\/marymarchantepsicologa.com\/2025\/11\/19\/por-que-ir-al-psicologo-cuidar-tu-mente-tambien-es-salud\/#respond"]}]},{"@type":"WebPage","@id":"https:\/\/marymarchantepsicologa.com\/2025\/11\/19\/por-que-ir-al-psicologo-cuidar-tu-mente-tambien-es-salud\/","url":"https:\/\/marymarchantepsicologa.com\/2025\/11\/19\/por-que-ir-al-psicologo-cuidar-tu-mente-tambien-es-salud\/","name":"\u00bfPor qu\u00e9 ir al psic\u00f3logo? Cuidar tu mente tambi\u00e9n es salud - Mary Marchante","isPartOf":{"@id":"https:\/\/marymarchantepsicologa.com\/#website"},"datePublished":"2025-11-19T13:28:53+00:00","dateModified":"2026-01-22T10:54:30+00:00","description":"Descubre c\u00f3mo sobrepensar (overthinking) afecta a tu salud mental y aprende d\u00f3nde poner tu energ\u00eda. Recupera tu tranquilidad.","breadcrumb":{"@id":"https:\/\/marymarchantepsicologa.com\/2025\/11\/19\/por-que-ir-al-psicologo-cuidar-tu-mente-tambien-es-salud\/#breadcrumb"},"inLanguage":"en-US","potentialAction":[{"@type":"ReadAction","target":["https:\/\/marymarchantepsicologa.com\/2025\/11\/19\/por-que-ir-al-psicologo-cuidar-tu-mente-tambien-es-salud\/"]}]},{"@type":"BreadcrumbList","@id":"https:\/\/marymarchantepsicologa.com\/2025\/11\/19\/por-que-ir-al-psicologo-cuidar-tu-mente-tambien-es-salud\/#breadcrumb","itemListElement":[{"@type":"ListItem","position":1,"name":"Inicio","item":"https:\/\/marymarchantepsicologa.com\/"},{"@type":"ListItem","position":2,"name":"Terapia","item":"https:\/\/marymarchantepsicologa.com\/category\/terapia\/"},{"@type":"ListItem","position":3,"name":"\u00bfPor qu\u00e9 ir al psic\u00f3logo? Cuidar tu mente tambi\u00e9n es salud"}]},{"@type":"WebSite","@id":"https:\/\/marymarchantepsicologa.com\/#website","url":"https:\/\/marymarchantepsicologa.com\/","name":"www.marymarchantepsicologa.com","description":"Psic\u00f3loga en Carabanchel Alto","publisher":{"@id":"https:\/\/marymarchantepsicologa.com\/#organization"},"potentialAction":[{"@type":"SearchAction","target":{"@type":"EntryPoint","urlTemplate":"https:\/\/marymarchantepsicologa.com\/?s={search_term_string}"},"query-input":{"@type":"PropertyValueSpecification","valueRequired":true,"valueName":"search_term_string"}}],"inLanguage":"en-US"},{"@type":"Organization","@id":"https:\/\/marymarchantepsicologa.com\/#organization","name":"Mary Marchante Psic\u00f3loga","url":"https:\/\/marymarchantepsicologa.com\/","logo":{"@type":"ImageObject","inLanguage":"en-US","@id":"https:\/\/marymarchantepsicologa.com\/#\/schema\/logo\/image\/","url":"https:\/\/marymarchantepsicologa.com\/wp-content\/uploads\/2022\/07\/Mary-Marchante-con-fondo-logo-.png","contentUrl":"https:\/\/marymarchantepsicologa.com\/wp-content\/uploads\/2022\/07\/Mary-Marchante-con-fondo-logo-.png","width":500,"height":500,"caption":"Mary Marchante Psic\u00f3loga"},"image":{"@id":"https:\/\/marymarchantepsicologa.com\/#\/schema\/logo\/image\/"},"sameAs":["https:\/\/www.instagram.com\/marymarchantepsicologa\/","https:\/\/www.tiktok.com\/@marymarchantepsicologa"]},{"@type":"Person","@id":"https:\/\/marymarchantepsicologa.com\/#\/schema\/person\/4991dfaf9e189b5f17da74d2424bc59e","name":"Mary Marchante Psic\u00f3loga","image":{"@type":"ImageObject","inLanguage":"en-US","@id":"https:\/\/secure.gravatar.com\/avatar\/e37fe7c45c075e804fc0dcd1c1a994942941e5d4463b255a474da6e48c446254?s=96&d=blank&r=g","url":"https:\/\/secure.gravatar.com\/avatar\/e37fe7c45c075e804fc0dcd1c1a994942941e5d4463b255a474da6e48c446254?s=96&d=blank&r=g","contentUrl":"https:\/\/secure.gravatar.com\/avatar\/e37fe7c45c075e804fc0dcd1c1a994942941e5d4463b255a474da6e48c446254?s=96&d=blank&r=g","caption":"Mary Marchante Psic\u00f3loga"},"sameAs":["https:\/\/marymarchantepsicologa.com"]}]}},"_links":{"self":[{"href":"https:\/\/marymarchantepsicologa.com\/en\/wp-json\/wp\/v2\/posts\/2941","targetHints":{"allow":["GET"]}}],"collection":[{"href":"https:\/\/marymarchantepsicologa.com\/en\/wp-json\/wp\/v2\/posts"}],"about":[{"href":"https:\/\/marymarchantepsicologa.com\/en\/wp-json\/wp\/v2\/types\/post"}],"author":[{"embeddable":true,"href":"https:\/\/marymarchantepsicologa.com\/en\/wp-json\/wp\/v2\/users\/1"}],"replies":[{"embeddable":true,"href":"https:\/\/marymarchantepsicologa.com\/en\/wp-json\/wp\/v2\/comments?post=2941"}],"version-history":[{"count":12,"href":"https:\/\/marymarchantepsicologa.com\/en\/wp-json\/wp\/v2\/posts\/2941\/revisions"}],"predecessor-version":[{"id":3070,"href":"https:\/\/marymarchantepsicologa.com\/en\/wp-json\/wp\/v2\/posts\/2941\/revisions\/3070"}],"wp:attachment":[{"href":"https:\/\/marymarchantepsicologa.com\/en\/wp-json\/wp\/v2\/media?parent=2941"}],"wp:term":[{"taxonomy":"category","embeddable":true,"href":"https:\/\/marymarchantepsicologa.com\/en\/wp-json\/wp\/v2\/categories?post=2941"},{"taxonomy":"post_tag","embeddable":true,"href":"https:\/\/marymarchantepsicologa.com\/en\/wp-json\/wp\/v2\/tags?post=2941"}],"curies":[{"name":"wp","href":"https:\/\/api.w.org\/{rel}","templated":true}]}}